[{"@context":"https:\/\/schema.org\/","@type":"Article","@id":"https:\/\/www.somfer.sk\/vychutnajte-si-rannu-kavu-stylovo\/#Article","mainEntityOfPage":"https:\/\/www.somfer.sk\/vychutnajte-si-rannu-kavu-stylovo\/","headline":"Vychutnajte si rann\u00fa k\u00e1vu \u0161t\u00fdlovo","name":"Vychutnajte si rann\u00fa k\u00e1vu \u0161t\u00fdlovo","description":"Ke\u010f som sa rozhodla, \u017ee budeme prer\u00e1ba\u0165 n\u00e1\u0161 byt, bolo mi jasn\u00e9, \u017ee to nebude len tak. V\u0161etko, \u010do som musela urobi\u0165, som mala nap\u00edsan\u00e9 na papieri. Vedela som, kde \u010do budem ma\u0165 polo\u017een\u00e9. Vedela som, ako si vyma\u013eujem izby, vedela som, kde zmen\u00edm v\u0161etky tapety a taktie\u017e som bola aj pripraven\u00e1 na to, \u017ee [&hellip;]","datePublished":"2017-09-20","dateModified":"2017-09-20","author":{"@type":"Person","@id":"https:\/\/www.somfer.sk\/author\/devene\/#Person","name":"devene","url":"https:\/\/www.somfer.sk\/author\/devene\/","identifier":1,"image":{"@type":"ImageObject","@id":"https:\/\/secure.gravatar.com\/avatar\/65248d4269af31fa3fa693ee3fd479d0960b985d370ed586e59378332be7a3ce?s=96&d=mm&r=g","url":"https:\/\/secure.gravatar.com\/avatar\/65248d4269af31fa3fa693ee3fd479d0960b985d370ed586e59378332be7a3ce?s=96&d=mm&r=g","height":96,"width":96}},"publisher":{"@type":"Organization","name":"somfer.sk","logo":{"@type":"ImageObject","@id":"\/logo.png","url":"\/logo.png","width":600,"height":60}},"image":{"@type":"ImageObject","@id":"https:\/\/www.somfer.sk\/wp-content\/uploads\/img_a282960_w16481_t1508238059.jpg","url":"https:\/\/www.somfer.sk\/wp-content\/uploads\/img_a282960_w16481_t1508238059.jpg","height":0,"width":0},"url":"https:\/\/www.somfer.sk\/vychutnajte-si-rannu-kavu-stylovo\/","wordCount":418,"articleBody":"   Ke\u010f som sa rozhodla, \u017ee budeme prer\u00e1ba\u0165 n\u00e1\u0161 byt, bolo mi jasn\u00e9, \u017ee to nebude len tak. V\u0161etko, \u010do som musela urobi\u0165, som mala nap\u00edsan\u00e9 na papieri. Vedela som, kde \u010do budem ma\u0165 polo\u017een\u00e9. Vedela som, ako si vyma\u013eujem izby, vedela som, kde zmen\u00edm v\u0161etky tapety a taktie\u017e som bola aj pripraven\u00e1 na to, \u017ee budem musie\u0165 meni\u0165 podlahy. To, \u017ee som si nap\u00edsala zoznam bolo pre m\u0148a skuto\u010dne ve\u013emi dobr\u00e9. V\u0161etko som mala nalinkovan\u00e9 a vedela som, \u017ee toto je moja cesta. Asi nikdy som sa z toho tak ve\u013emi nete\u0161ila. Mala som pl\u00e1n a to ma skuto\u010dne bavilo. \u010co mi v\u0161ak nedo\u0161lo bolo, \u017ee pri p\u00edsan\u00ed zoznamu m\u00f4\u017eem na ve\u013ea vec\u00ed aj tro\u0161ku pozabudn\u00fa\u0165. A to sa, bohu\u017eia\u013e, stalo. Zabudla som na to najd\u00f4le\u017eitej\u0161ie.Na \u010do nezab\u00fada\u0165? Samozrejme, na bezpe\u010die. Bezpe\u010dnos\u0165 je to, \u010do ka\u017ed\u00e1 dom\u00e1cnos\u0165 potrebuje a hlavne vtedy, ke\u010f m\u00e1te mal\u00e9 deti ako ja. Zistila som, \u017ee som jedno miesto v na\u0161om domove nezabezpe\u010dila, a to ma skuto\u010dne trochu podr\u00e1\u017edilo. Bolo to, \u017ee som zabudla na nerezove zabradlie na balkon. Ve\u013emi som sa sama na seba hnevala. Nerozumela som tomu, ako som mohla zabudn\u00fa\u0165 na nie\u010do tak\u00e9 podstatn\u00e9 a z\u00e1va\u017en\u00e9, ako je pr\u00e1ve nie\u010do, \u010do m\u00f4\u017ee moje mal\u00e9 drobce ochr\u00e1ni\u0165 pred p\u00e1dom a pred nejak\u00fdm \u00farazom. A taktie\u017e aj n\u00e1s, ve\u010f be\u017ene nie\u010do pestujem a v\u0161etko to d\u00e1vam pr\u00e1ve na toto miesto. Rozhodla som sa, \u017ee to mus\u00edm zmeni\u0165 a pr\u00e1ve preto som zvolila vec, ktor\u00e1 je na to najvhodnej\u0161ia.V\u00fdhody Existuje mno\u017estvo v\u00fdhod, pre\u010do by ste mali zvoli\u0165 pr\u00e1ve tento typ. Hlavn\u00fd je v\u0161ak ten, \u017ee tak ako dobre vyzer\u00e1, sa z\u00e1rove\u0148 dobre aj udr\u017eiava. Je to nie\u010do, \u010do budete milova\u0165. Okrem toho to m\u00f4\u017eete bra\u0165 ako vhodn\u00fd doplnok exteri\u00e9ru. Hlavne vtedy, ke\u010f si t\u00fa\u017eite z v\u00e1\u0161ho priestoru urobi\u0165 nie\u010do viac ako miesto, kde budete su\u0161i\u0165 bielize\u0148. My si tam napr\u00edklad radi d\u00e1me r\u00e1no k\u00e1vi\u010dku a ve\u010der v\u00ednko. Takto sa n\u00e1m to skuto\u010dne dar\u00ed. A okrem toho to m\u00e1me aj so \u0161t\u00fdlov\u00fdm doplnkom. A tie\u017e s nieko\u013ek\u00fdmi kvetin\u00e1\u010dmi.                                                                                                                                                                                                                                                                                                                                                                                                  "},{"@context":"https:\/\/schema.org\/","@type":"BreadcrumbList","itemListElement":[{"@type":"ListItem","position":1,"name":"Vychutnajte si rann\u00fa k\u00e1vu \u0161t\u00fdlovo","item":"https:\/\/www.somfer.sk\/vychutnajte-si-rannu-kavu-stylovo\/#breadcrumbitem"}]}]