[{"@context":"https:\/\/schema.org\/","@type":"Article","@id":"https:\/\/www.somfer.sk\/kazda-oslava-moze-mat-inu-atmosferu-ak-pouzijete-svetelne-efekty\/#Article","mainEntityOfPage":"https:\/\/www.somfer.sk\/kazda-oslava-moze-mat-inu-atmosferu-ak-pouzijete-svetelne-efekty\/","headline":"Ka\u017ed\u00e1 oslava m\u00f4\u017ee ma\u0165 in\u00fa atmosf\u00e9ru, ak pou\u017eijete sveteln\u00e9 efekty","name":"Ka\u017ed\u00e1 oslava m\u00f4\u017ee ma\u0165 in\u00fa atmosf\u00e9ru, ak pou\u017eijete sveteln\u00e9 efekty","description":"Dekor\u00e1cie, ktor\u00e9 vyu\u017e\u00edvame na skr\u00e1\u0161lenie domu po\u010das viano\u010dn\u00fdch sviatkov, kr\u00e1tko po ich skon\u010den\u00ed odlo\u017e\u00edme op\u00e4\u0165 na rok do komory a a\u017e pri op\u00e4tovnom zapojen\u00ed do siete zist\u00edme, \u017ee niektor\u00e9 \u017eiarovky re\u0165aze u\u017e nesvietia, a to m\u00f4\u017ee by\u0165 neskoro. Treba sa pripravi\u0165 s predstihom a zabezpe\u010di\u0165 si kvalitn\u00e9 LED sveteln\u00e9 re\u0165aze, ktor\u00e9 bez obavy m\u00f4\u017eete umiestni\u0165 [&hellip;]","datePublished":"2022-12-30","dateModified":"2023-04-28","author":{"@type":"Person","@id":"https:\/\/www.somfer.sk\/author\/devene\/#Person","name":"devene","url":"https:\/\/www.somfer.sk\/author\/devene\/","identifier":1,"image":{"@type":"ImageObject","@id":"https:\/\/secure.gravatar.com\/avatar\/65248d4269af31fa3fa693ee3fd479d0960b985d370ed586e59378332be7a3ce?s=96&d=mm&r=g","url":"https:\/\/secure.gravatar.com\/avatar\/65248d4269af31fa3fa693ee3fd479d0960b985d370ed586e59378332be7a3ce?s=96&d=mm&r=g","height":96,"width":96}},"publisher":{"@type":"Organization","name":"somfer.sk","logo":{"@type":"ImageObject","@id":"\/logo.png","url":"\/logo.png","width":600,"height":60}},"image":{"@type":"ImageObject","@id":"https:\/\/www.somfer.sk\/wp-content\/uploads\/lights-4705882__480-2_1.jpg","url":"https:\/\/www.somfer.sk\/wp-content\/uploads\/lights-4705882__480-2_1.jpg","height":0,"width":0},"url":"https:\/\/www.somfer.sk\/kazda-oslava-moze-mat-inu-atmosferu-ak-pouzijete-svetelne-efekty\/","wordCount":410,"articleBody":"       Dekor\u00e1cie, ktor\u00e9 vyu\u017e\u00edvame na skr\u00e1\u0161lenie domu po\u010das viano\u010dn\u00fdch sviatkov, kr\u00e1tko po ich skon\u010den\u00ed odlo\u017e\u00edme op\u00e4\u0165 na rok do komory a a\u017e pri op\u00e4tovnom zapojen\u00ed do siete zist\u00edme, \u017ee niektor\u00e9 \u017eiarovky re\u0165aze u\u017e nesvietia, a to m\u00f4\u017ee by\u0165 neskoro. Treba sa pripravi\u0165 s predstihom a zabezpe\u010di\u0165 si kvalitn\u00e9 LED sveteln\u00e9 re\u0165aze, ktor\u00e9 bez obavy m\u00f4\u017eete umiestni\u0165 v\u0161ade, kam budete chcie\u0165.Po\u010das najkraj\u0161\u00edch sviatkov roka sa \u013eudia predbiehaj\u00fa v tom, kto bude ma\u0165 kraj\u0161ie osvetlen\u00fd dom \u010di z\u00e1hradu, vyu\u017e\u00edvame pritom sveteln\u00e9 re\u0165aze rozli\u010dn\u00fdch d\u013a\u017eok a druhov, aby bol efekt \u010do najlep\u0161\u00ed. Na v\u00fdzdobu s\u00fa najvhodnej\u0161ie LED sveteln\u00e9 dekor\u00e1cie, je to modern\u00e1 a kvalitn\u00e1 technol\u00f3gia, s dlhou v\u00fddr\u017eou a mnoh\u00fdmi vari\u00e1ciami farieb \u010di typov. Tradi\u010dn\u00e9 terasove osvetlenie zdobenie strom\u010deka tak dopln\u00edme o osvetlenie domu, terasy, balk\u00f3na \u010di plota a podobne.Ak sa po\u010das Vianoc vyberiete na prech\u00e1dzku, m\u00e1te \u010do obdivova\u0165, preto\u017ee majitelia domov sa sna\u017eia up\u00fata\u0165 na\u0161u pozornos\u0165 pou\u017eit\u00edm sveteln\u00fdch ozd\u00f4b od v\u00fdmyslu sveta, umiest\u0148uj\u00fa ich aj na terasy alebo ostatn\u00e9 vonkaj\u0161ie plochy. Toto LED osvetlenie tvor\u00ed ploch\u00fd k\u00e1bel, na ktor\u00fd je napojen\u00fdch ve\u013ea obj\u00edmok typu E27. Exteri\u00e9rov\u00e9 svetielka je v\u0161ak mo\u017en\u00e9 pou\u017ei\u0165 aj do interi\u00e9rov, ale opa\u010dne je to nebezpe\u010dn\u00e9.Osvetlenie ter\u00e1s re\u0165azou je asi najpou\u017e\u00edvanej\u0161\u00ed sp\u00f4sob ako si pripomen\u00fa\u0165 sviatky, ale svetielka sa pou\u017e\u00edvaj\u00fa aj na vytvorenie atmosf\u00e9ry po\u010das p\u00e1rty, osl\u00e1v, svadby a podobne. Zapoji\u0165 sa daj\u00fa svetielka rozli\u010dn\u00fdch farieb, re\u0165az m\u00e1 tri d\u013a\u017eky a rozli\u010dn\u00fd po\u010det obj\u00edmok typu E27, ale ak potrebujete dan\u00fd po\u010det svetiel a presn\u00fa d\u013a\u017eku, vytvor\u00edme v\u00e1m re\u0165az na mieru. Eshop v\u0161ak pon\u00faka \u017eiarovkov\u00fa re\u0165az s d\u013a\u017ekou 20, 50 a 100m.\u017diarovky s\u00fa odoln\u00e9, ur\u010den\u00e9 do exteri\u00e9ru, posp\u00e1jan\u00e9 do re\u0165az\u00ed, ktor\u00e9 sa jednoducho in\u0161taluj\u00fa a daj\u00fa sa aj sp\u00e1ja\u0165 tak, aby ste mohli vytvori\u0165 dlh\u00fd p\u00e1s svetielok s mo\u017enos\u0165ou ich umiestnenia na po\u017eadovan\u00e9 miesta. Terasy s\u00fa v\u010fa\u010dn\u00fd objekt na ozdobovanie, vidie\u0165 ich po zotmen\u00ed a vytv\u00e1raj\u00fa pekn\u00fd farebn\u00fd obraz, ktor\u00fd pote\u0161\u00ed nielen oko det\u00ed, ale aj dospel\u00fdch.                                                                                                                                                                                                                                                                                                                                                                                                  "},{"@context":"https:\/\/schema.org\/","@type":"BreadcrumbList","itemListElement":[{"@type":"ListItem","position":1,"name":"Ka\u017ed\u00e1 oslava m\u00f4\u017ee ma\u0165 in\u00fa atmosf\u00e9ru, ak pou\u017eijete sveteln\u00e9 efekty","item":"https:\/\/www.somfer.sk\/kazda-oslava-moze-mat-inu-atmosferu-ak-pouzijete-svetelne-efekty\/#breadcrumbitem"}]}]